{"id":4380,"date":"2022-09-12T16:18:42","date_gmt":"2022-09-12T16:18:42","guid":{"rendered":"https:\/\/www.tubitex.com\/?p=4380"},"modified":"2023-05-10T16:20:25","modified_gmt":"2023-05-10T16:20:25","slug":"la-tutela-dellambiente-sancita-nella-costituzione-quali-sviluppi","status":"publish","type":"post","link":"https:\/\/www.tubitex.com\/tr\/2022\/09\/12\/la-tutela-dellambiente-sancita-nella-costituzione-quali-sviluppi\/","title":{"rendered":"La tutela dell\u2019ambiente sancita nella Costituzione: quali sviluppi?"},"content":{"rendered":"<p>La<strong> questione ambientale<\/strong> e l\u2019<strong>esigenza climatica<\/strong> sono quanto mai al centro del dibattito pubblico. I disastri meteorologici degli ultimi hanno attirato l\u2019interesse pubblico sul ruolo che la difesa dell\u2019ambiente riveste nell\u2019assicurare uno stile di vita sostenibile per l\u2019intera societ\u00e0.<\/p>\n<p>L\u20198 febbraio 2022 si ricorder\u00e0 per il fatto che il Parlamento italiano ha approvato, con 468 voti a favore, la proposta di legge che prevede nella Costituzione della Repubblica Italiana la tutela dell\u2019ambiente, della biodiversit\u00e0 e degli ecosistemi.<\/p>\n<h2>Le norme a difesa dell\u2019ambiente nella Costituzione<\/h2>\n<p>La nuova versione dell\u2019articolo 9 della Costituzione ora riporta: \u201cLa Repubblica promuove lo sviluppo della cultura e la ricerca scientifica e tecnica. Tutela il paesaggio e il patrimonio storico e artistico della Nazione. Tutela l\u2019ambiente, la biodiversit\u00e0 e gli ecosistemi, anche nell\u2019interesse delle future generazioni. La legge dello Stato disciplina i modi e le forme di tutela degli animali\u201d.<\/p>\n<p>L\u2019Articolo 41 invece ora si modifica in questo modo: \u201cL\u2019iniziativa economica privata \u00e8 libera. Non pu\u00f2 svolgersi in contrasto con l\u2019utilit\u00e0 sociale o in modo da recare danno alla sicurezza, alla libert\u00e0, alla dignit\u00e0 umana, alla salute, all\u2019ambiente. La legge determina i programmi e i controlli opportuni perch\u00e9 l\u2019attivit\u00e0 economica pubblica e privata possa essere indirizzata e coordinata a fini sociali e ambientali\u201d.<\/p>\n<p>In origine la Costituzione non prevedeva delle disposizioni finalizzate espressamente alla difesa di ambiente, ecosistemi e biodiversit\u00e0. La giurisprudenza per\u00f2 da tempo ha cercato di rivestire di importanza costituzionale i concetti di difesa ambientale attraverso il rimando a specifiche disposizioni di Legge.<\/p>\n<p>La modifica dell\u2019articolo 41 fa s\u00ec che la salute e l\u2019ambiente siano aspetti da tutelare da parte dell\u2019economia, dalla stessa importanza di libert\u00e0, sicurezza e dignit\u00e0 umana. Tale articolo quindi introduce l\u2019orientamento dell&#8217;iniziativa pubblica e privata che deve essere rivolto anche a finalit\u00e0 ambientale. Le modifiche dell\u2019articolo 9 ora includono per la Repubblica principi di tutela ecosistemi, ambiente e biodiversit\u00e0 e degli animali.<\/p>\n<p>ll commento del Ministro della Transizione ecologica, Roberto Cingolani, ha espresso la sua opinione su tale sviluppo: \u201cPenso che sia una giornata epocale. \u00c8 giusto che la<strong> tutela dell\u2019ambiente, della biodiversit\u00e0 e degli ecosistemi<\/strong> diventi un<strong> valore fondante della nostra Repubblica<\/strong>, \u00e8 un passaggio imprescindibile per un Paese come l\u2019Italia che sta affrontando la propria transizione ecologica.\u201d<\/p>\n<p>Riteniamo che dall\u2019introduzione del principio di difesa dell\u2019ambiente possa risultare anche un incentivo dell\u2019importanza percepita della raccolta differenziata.<br \/>\nLa raccolta differenziata \u00e8 una pratica quanto mai necessaria per aumentare la quantit\u00e0 di materiale riciclato che non impatta sull\u2019ambiente e permette di ricavare materie prime per rispondere alle esigenze produttive delle industrie.<br \/>\nCi\u00f2 passa per una maggiore consapevolezza complessiva dell\u2019importanza di queste attivit\u00e0 affinch\u00e8 pi\u00f9 persone possibile vi si cimentino, aumentando cos\u00ec il volume di carta, plastica, vetro e di altri materiali riciclati.<\/p>\n<h2>L\u2019ambiente difeso dalla Costituzione: quali sviluppi?<\/h2>\n<p>Queste modifiche degli articoli 9 e 41 della Costituzione vanno oltre il mero riconoscimento formale dell\u2019importanza dell\u2019ambiente al pari di altri valori come la sicurezza. Si tratta di principi che da oggi assume un valore cogente per tutti i processi decisionali parimenti ispirati da principi costituzionali.<\/p>\n<p>D\u2019ora in avanti quindi le iniziative industriali dovranno tenere conto anche del rispetto dell\u2019ambiente, in caso contrario risulterebbero incostituzionali. La Costituzione d\u2019altro canto fornir\u00e0 in questo modo una direzione aggiuntiva per la legiferazione e l\u2019interpretazione delle norme, oltre a indirizzare gli sviluppi successivi delle decisioni dello Stato.<\/p>\n<p>Questa innovazione introduce uno scenario che vede una ridefinizione del ruolo di Autorit\u00e0 e mercato in fatto di impatto sull&#8217;ambiente, in linea con l\u2019orientamento delle odierne politiche europee.<br \/>\nNon per niente il <strong>Next Generation Eu<\/strong>, il piano da oltre 700 milioni di euro per ricostruire l\u2019Europa post Covid-19 promuovendo una economia pi\u00f9 verde.<br \/>\nprobabilmente al dottrina con il passare del tempo accentuer\u00e0 questa sua anima green, e le nuove generazioni sosterranno la tutela giudiziaria di animali e biodiversit\u00e0, con conseguente interesse anche da parte dell\u2019attivit\u00e0 imprenditoriale italiana ad adottare scelte produttive pi\u00f9 in linea con le esigenze dell\u2019ambiente, per non contrariare l\u2019opinione pubblica e le forze politiche attente a tali esigenze.<\/p>\n<p>Francesco Miceli, presidente del Consiglio nazionale degli architetti, pianificatori, paesaggisti e conservatori, riporta che: \u201cL&#8217;immediata efficacia della legge costituzionale di modifica della Carta, grazie all&#8217;approvazione avvenuta a larghissima maggioranza, apre da subito una nuova fase, in cui tutte le iniziative volte a realizzare l&#8217;obiettivo della transizione ecologica potranno essere rafforzate. Tutto ci\u00f2 rappresenta<strong> una grande occasione per il nostro Paese<\/strong>\u201d.<\/p>\n","protected":false},"excerpt":{"rendered":"<p>La questione ambientale e l\u2019esigenza climatica sono quanto mai al centro del dibattito pubblico. I disastri meteorologici degli ultimi hanno attirato l\u2019interesse pubblico sul ruolo che la difesa dell\u2019ambiente riveste nell\u2019assicurare uno stile di vita sostenibile per l\u2019intera societ\u00e0. L\u20198 febbraio 2022 si ricorder\u00e0 per il fatto che il Parlamento italiano ha approvato, con 468 [&hellip;]<\/p>\n","protected":false},"author":1,"featured_media":4381,"comment_status":"open","ping_status":"open","sticky":false,"template":"","format":"standard","meta":{"_acf_changed":false,"_et_pb_use_builder":"","_et_pb_old_content":"","_et_gb_content_width":"","inline_featured_image":false,"footnotes":""},"categories":[1],"tags":[],"class_list":["post-4380","post","type-post","status-publish","format-standard","has-post-thumbnail","hentry","category-articoli"],"acf":[],"yoast_head":"<!-- This site is optimized with the Yoast SEO plugin v27.1.1 - https:\/\/yoast.com\/product\/yoast-seo-wordpress\/ -->\n<title>La tutela dell\u2019ambiente sancita nella Costituzione: quali sviluppi? - Tubitex<\/title>\n<meta name=\"robots\" content=\"index, follow, max-snippet:-1, max-image-preview:large, max-video-preview:-1\" \/>\n<link rel=\"canonical\" href=\"https:\/\/www.tubitex.com\/tr\/2022\/09\/12\/la-tutela-dellambiente-sancita-nella-costituzione-quali-sviluppi\/\" \/>\n<meta property=\"og:locale\" content=\"tr_TR\" \/>\n<meta property=\"og:type\" content=\"article\" \/>\n<meta property=\"og:title\" content=\"La tutela dell\u2019ambiente sancita nella Costituzione: quali sviluppi? - Tubitex\" \/>\n<meta property=\"og:description\" content=\"La questione ambientale e l\u2019esigenza climatica sono quanto mai al centro del dibattito pubblico. I disastri meteorologici degli ultimi hanno attirato l\u2019interesse pubblico sul ruolo che la difesa dell\u2019ambiente riveste nell\u2019assicurare uno stile di vita sostenibile per l\u2019intera societ\u00e0. L\u20198 febbraio 2022 si ricorder\u00e0 per il fatto che il Parlamento italiano ha approvato, con 468 [&hellip;]\" \/>\n<meta property=\"og:url\" content=\"https:\/\/www.tubitex.com\/tr\/2022\/09\/12\/la-tutela-dellambiente-sancita-nella-costituzione-quali-sviluppi\/\" \/>\n<meta property=\"og:site_name\" content=\"Tubitex\" \/>\n<meta property=\"article:published_time\" content=\"2022-09-12T16:18:42+00:00\" \/>\n<meta property=\"article:modified_time\" content=\"2023-05-10T16:20:25+00:00\" \/>\n<meta property=\"og:image\" content=\"https:\/\/www.tubitex.com\/wp-content\/uploads\/2023\/05\/rispetto-ambiente-costituzione.jpg\" \/>\n\t<meta property=\"og:image:width\" content=\"1200\" \/>\n\t<meta property=\"og:image:height\" content=\"800\" \/>\n\t<meta property=\"og:image:type\" content=\"image\/jpeg\" \/>\n<meta name=\"author\" content=\"admin\" \/>\n<meta name=\"twitter:card\" content=\"summary_large_image\" \/>\n<meta name=\"twitter:label1\" content=\"Yazan:\" \/>\n\t<meta name=\"twitter:data1\" content=\"admin\" \/>\n\t<meta name=\"twitter:label2\" content=\"Tahmini okuma s\u00fcresi\" \/>\n\t<meta name=\"twitter:data2\" content=\"4 dakika\" \/>\n<script type=\"application\/ld+json\" class=\"yoast-schema-graph\">{\"@context\":\"https:\/\/schema.org\",\"@graph\":[{\"@type\":\"Article\",\"@id\":\"https:\/\/www.tubitex.com\/tr\/2022\/09\/12\/la-tutela-dellambiente-sancita-nella-costituzione-quali-sviluppi\/#article\",\"isPartOf\":{\"@id\":\"https:\/\/www.tubitex.com\/tr\/2022\/09\/12\/la-tutela-dellambiente-sancita-nella-costituzione-quali-sviluppi\/\"},\"author\":{\"name\":\"admin\",\"@id\":\"https:\/\/www.tubitex.com\/tr\/#\/schema\/person\/fb0eeb44ce8e02ec9145f006afa3aebd\"},\"headline\":\"La tutela dell\u2019ambiente sancita nella Costituzione: quali sviluppi?\",\"datePublished\":\"2022-09-12T16:18:42+00:00\",\"dateModified\":\"2023-05-10T16:20:25+00:00\",\"mainEntityOfPage\":{\"@id\":\"https:\/\/www.tubitex.com\/tr\/2022\/09\/12\/la-tutela-dellambiente-sancita-nella-costituzione-quali-sviluppi\/\"},\"wordCount\":755,\"commentCount\":0,\"image\":{\"@id\":\"https:\/\/www.tubitex.com\/tr\/2022\/09\/12\/la-tutela-dellambiente-sancita-nella-costituzione-quali-sviluppi\/#primaryimage\"},\"thumbnailUrl\":\"https:\/\/www.tubitex.com\/wp-content\/uploads\/2023\/05\/rispetto-ambiente-costituzione.jpg\",\"articleSection\":[\"Articoli\"],\"inLanguage\":\"tr\",\"potentialAction\":[{\"@type\":\"CommentAction\",\"name\":\"Comment\",\"target\":[\"https:\/\/www.tubitex.com\/tr\/2022\/09\/12\/la-tutela-dellambiente-sancita-nella-costituzione-quali-sviluppi\/#respond\"]}]},{\"@type\":\"WebPage\",\"@id\":\"https:\/\/www.tubitex.com\/tr\/2022\/09\/12\/la-tutela-dellambiente-sancita-nella-costituzione-quali-sviluppi\/\",\"url\":\"https:\/\/www.tubitex.com\/tr\/2022\/09\/12\/la-tutela-dellambiente-sancita-nella-costituzione-quali-sviluppi\/\",\"name\":\"La tutela dell\u2019ambiente sancita nella Costituzione: quali sviluppi? - Tubitex\",\"isPartOf\":{\"@id\":\"https:\/\/www.tubitex.com\/tr\/#website\"},\"primaryImageOfPage\":{\"@id\":\"https:\/\/www.tubitex.com\/tr\/2022\/09\/12\/la-tutela-dellambiente-sancita-nella-costituzione-quali-sviluppi\/#primaryimage\"},\"image\":{\"@id\":\"https:\/\/www.tubitex.com\/tr\/2022\/09\/12\/la-tutela-dellambiente-sancita-nella-costituzione-quali-sviluppi\/#primaryimage\"},\"thumbnailUrl\":\"https:\/\/www.tubitex.com\/wp-content\/uploads\/2023\/05\/rispetto-ambiente-costituzione.jpg\",\"datePublished\":\"2022-09-12T16:18:42+00:00\",\"dateModified\":\"2023-05-10T16:20:25+00:00\",\"author\":{\"@id\":\"https:\/\/www.tubitex.com\/tr\/#\/schema\/person\/fb0eeb44ce8e02ec9145f006afa3aebd\"},\"breadcrumb\":{\"@id\":\"https:\/\/www.tubitex.com\/tr\/2022\/09\/12\/la-tutela-dellambiente-sancita-nella-costituzione-quali-sviluppi\/#breadcrumb\"},\"inLanguage\":\"tr\",\"potentialAction\":[{\"@type\":\"ReadAction\",\"target\":[\"https:\/\/www.tubitex.com\/tr\/2022\/09\/12\/la-tutela-dellambiente-sancita-nella-costituzione-quali-sviluppi\/\"]}]},{\"@type\":\"ImageObject\",\"inLanguage\":\"tr\",\"@id\":\"https:\/\/www.tubitex.com\/tr\/2022\/09\/12\/la-tutela-dellambiente-sancita-nella-costituzione-quali-sviluppi\/#primaryimage\",\"url\":\"https:\/\/www.tubitex.com\/wp-content\/uploads\/2023\/05\/rispetto-ambiente-costituzione.jpg\",\"contentUrl\":\"https:\/\/www.tubitex.com\/wp-content\/uploads\/2023\/05\/rispetto-ambiente-costituzione.jpg\",\"width\":1200,\"height\":800},{\"@type\":\"BreadcrumbList\",\"@id\":\"https:\/\/www.tubitex.com\/tr\/2022\/09\/12\/la-tutela-dellambiente-sancita-nella-costituzione-quali-sviluppi\/#breadcrumb\",\"itemListElement\":[{\"@type\":\"ListItem\",\"position\":1,\"name\":\"Home\",\"item\":\"https:\/\/www.tubitex.com\/tr\/anasayfa\/\"},{\"@type\":\"ListItem\",\"position\":2,\"name\":\"La tutela dell\u2019ambiente sancita nella Costituzione: quali sviluppi?\"}]},{\"@type\":\"WebSite\",\"@id\":\"https:\/\/www.tubitex.com\/tr\/#website\",\"url\":\"https:\/\/www.tubitex.com\/tr\/\",\"name\":\"Tubitex\",\"description\":\"Produzione tubi in cartone, anime e bobine di carta\",\"potentialAction\":[{\"@type\":\"SearchAction\",\"target\":{\"@type\":\"EntryPoint\",\"urlTemplate\":\"https:\/\/www.tubitex.com\/tr\/?s={search_term_string}\"},\"query-input\":{\"@type\":\"PropertyValueSpecification\",\"valueRequired\":true,\"valueName\":\"search_term_string\"}}],\"inLanguage\":\"tr\"},{\"@type\":\"Person\",\"@id\":\"https:\/\/www.tubitex.com\/tr\/#\/schema\/person\/fb0eeb44ce8e02ec9145f006afa3aebd\",\"name\":\"admin\",\"sameAs\":[\"https:\/\/www.tubitex.com\"],\"url\":\"https:\/\/www.tubitex.com\/tr\/author\/clever_tubitex\/\"}]}<\/script>\n<!-- \/ Yoast SEO plugin. -->","yoast_head_json":{"title":"La tutela dell\u2019ambiente sancita nella Costituzione: quali sviluppi? - Tubitex","robots":{"index":"index","follow":"follow","max-snippet":"max-snippet:-1","max-image-preview":"max-image-preview:large","max-video-preview":"max-video-preview:-1"},"canonical":"https:\/\/www.tubitex.com\/tr\/2022\/09\/12\/la-tutela-dellambiente-sancita-nella-costituzione-quali-sviluppi\/","og_locale":"tr_TR","og_type":"article","og_title":"La tutela dell\u2019ambiente sancita nella Costituzione: quali sviluppi? - Tubitex","og_description":"La questione ambientale e l\u2019esigenza climatica sono quanto mai al centro del dibattito pubblico. I disastri meteorologici degli ultimi hanno attirato l\u2019interesse pubblico sul ruolo che la difesa dell\u2019ambiente riveste nell\u2019assicurare uno stile di vita sostenibile per l\u2019intera societ\u00e0. L\u20198 febbraio 2022 si ricorder\u00e0 per il fatto che il Parlamento italiano ha approvato, con 468 [&hellip;]","og_url":"https:\/\/www.tubitex.com\/tr\/2022\/09\/12\/la-tutela-dellambiente-sancita-nella-costituzione-quali-sviluppi\/","og_site_name":"Tubitex","article_published_time":"2022-09-12T16:18:42+00:00","article_modified_time":"2023-05-10T16:20:25+00:00","og_image":[{"width":1200,"height":800,"url":"https:\/\/www.tubitex.com\/wp-content\/uploads\/2023\/05\/rispetto-ambiente-costituzione.jpg","type":"image\/jpeg"}],"author":"admin","twitter_card":"summary_large_image","twitter_misc":{"Yazan:":"admin","Tahmini okuma s\u00fcresi":"4 dakika"},"schema":{"@context":"https:\/\/schema.org","@graph":[{"@type":"Article","@id":"https:\/\/www.tubitex.com\/tr\/2022\/09\/12\/la-tutela-dellambiente-sancita-nella-costituzione-quali-sviluppi\/#article","isPartOf":{"@id":"https:\/\/www.tubitex.com\/tr\/2022\/09\/12\/la-tutela-dellambiente-sancita-nella-costituzione-quali-sviluppi\/"},"author":{"name":"admin","@id":"https:\/\/www.tubitex.com\/tr\/#\/schema\/person\/fb0eeb44ce8e02ec9145f006afa3aebd"},"headline":"La tutela dell\u2019ambiente sancita nella Costituzione: quali sviluppi?","datePublished":"2022-09-12T16:18:42+00:00","dateModified":"2023-05-10T16:20:25+00:00","mainEntityOfPage":{"@id":"https:\/\/www.tubitex.com\/tr\/2022\/09\/12\/la-tutela-dellambiente-sancita-nella-costituzione-quali-sviluppi\/"},"wordCount":755,"commentCount":0,"image":{"@id":"https:\/\/www.tubitex.com\/tr\/2022\/09\/12\/la-tutela-dellambiente-sancita-nella-costituzione-quali-sviluppi\/#primaryimage"},"thumbnailUrl":"https:\/\/www.tubitex.com\/wp-content\/uploads\/2023\/05\/rispetto-ambiente-costituzione.jpg","articleSection":["Articoli"],"inLanguage":"tr","potentialAction":[{"@type":"CommentAction","name":"Comment","target":["https:\/\/www.tubitex.com\/tr\/2022\/09\/12\/la-tutela-dellambiente-sancita-nella-costituzione-quali-sviluppi\/#respond"]}]},{"@type":"WebPage","@id":"https:\/\/www.tubitex.com\/tr\/2022\/09\/12\/la-tutela-dellambiente-sancita-nella-costituzione-quali-sviluppi\/","url":"https:\/\/www.tubitex.com\/tr\/2022\/09\/12\/la-tutela-dellambiente-sancita-nella-costituzione-quali-sviluppi\/","name":"La tutela dell\u2019ambiente sancita nella Costituzione: quali sviluppi? - Tubitex","isPartOf":{"@id":"https:\/\/www.tubitex.com\/tr\/#website"},"primaryImageOfPage":{"@id":"https:\/\/www.tubitex.com\/tr\/2022\/09\/12\/la-tutela-dellambiente-sancita-nella-costituzione-quali-sviluppi\/#primaryimage"},"image":{"@id":"https:\/\/www.tubitex.com\/tr\/2022\/09\/12\/la-tutela-dellambiente-sancita-nella-costituzione-quali-sviluppi\/#primaryimage"},"thumbnailUrl":"https:\/\/www.tubitex.com\/wp-content\/uploads\/2023\/05\/rispetto-ambiente-costituzione.jpg","datePublished":"2022-09-12T16:18:42+00:00","dateModified":"2023-05-10T16:20:25+00:00","author":{"@id":"https:\/\/www.tubitex.com\/tr\/#\/schema\/person\/fb0eeb44ce8e02ec9145f006afa3aebd"},"breadcrumb":{"@id":"https:\/\/www.tubitex.com\/tr\/2022\/09\/12\/la-tutela-dellambiente-sancita-nella-costituzione-quali-sviluppi\/#breadcrumb"},"inLanguage":"tr","potentialAction":[{"@type":"ReadAction","target":["https:\/\/www.tubitex.com\/tr\/2022\/09\/12\/la-tutela-dellambiente-sancita-nella-costituzione-quali-sviluppi\/"]}]},{"@type":"ImageObject","inLanguage":"tr","@id":"https:\/\/www.tubitex.com\/tr\/2022\/09\/12\/la-tutela-dellambiente-sancita-nella-costituzione-quali-sviluppi\/#primaryimage","url":"https:\/\/www.tubitex.com\/wp-content\/uploads\/2023\/05\/rispetto-ambiente-costituzione.jpg","contentUrl":"https:\/\/www.tubitex.com\/wp-content\/uploads\/2023\/05\/rispetto-ambiente-costituzione.jpg","width":1200,"height":800},{"@type":"BreadcrumbList","@id":"https:\/\/www.tubitex.com\/tr\/2022\/09\/12\/la-tutela-dellambiente-sancita-nella-costituzione-quali-sviluppi\/#breadcrumb","itemListElement":[{"@type":"ListItem","position":1,"name":"Home","item":"https:\/\/www.tubitex.com\/tr\/anasayfa\/"},{"@type":"ListItem","position":2,"name":"La tutela dell\u2019ambiente sancita nella Costituzione: quali sviluppi?"}]},{"@type":"WebSite","@id":"https:\/\/www.tubitex.com\/tr\/#website","url":"https:\/\/www.tubitex.com\/tr\/","name":"Tubitex","description":"Produzione tubi in cartone, anime e bobine di carta","potentialAction":[{"@type":"SearchAction","target":{"@type":"EntryPoint","urlTemplate":"https:\/\/www.tubitex.com\/tr\/?s={search_term_string}"},"query-input":{"@type":"PropertyValueSpecification","valueRequired":true,"valueName":"search_term_string"}}],"inLanguage":"tr"},{"@type":"Person","@id":"https:\/\/www.tubitex.com\/tr\/#\/schema\/person\/fb0eeb44ce8e02ec9145f006afa3aebd","name":"admin","sameAs":["https:\/\/www.tubitex.com"],"url":"https:\/\/www.tubitex.com\/tr\/author\/clever_tubitex\/"}]}},"_links":{"self":[{"href":"https:\/\/www.tubitex.com\/tr\/wp-json\/wp\/v2\/posts\/4380","targetHints":{"allow":["GET"]}}],"collection":[{"href":"https:\/\/www.tubitex.com\/tr\/wp-json\/wp\/v2\/posts"}],"about":[{"href":"https:\/\/www.tubitex.com\/tr\/wp-json\/wp\/v2\/types\/post"}],"author":[{"embeddable":true,"href":"https:\/\/www.tubitex.com\/tr\/wp-json\/wp\/v2\/users\/1"}],"replies":[{"embeddable":true,"href":"https:\/\/www.tubitex.com\/tr\/wp-json\/wp\/v2\/comments?post=4380"}],"version-history":[{"count":0,"href":"https:\/\/www.tubitex.com\/tr\/wp-json\/wp\/v2\/posts\/4380\/revisions"}],"wp:featuredmedia":[{"embeddable":true,"href":"https:\/\/www.tubitex.com\/tr\/wp-json\/wp\/v2\/media\/4381"}],"wp:attachment":[{"href":"https:\/\/www.tubitex.com\/tr\/wp-json\/wp\/v2\/media?parent=4380"}],"wp:term":[{"taxonomy":"category","embeddable":true,"href":"https:\/\/www.tubitex.com\/tr\/wp-json\/wp\/v2\/categories?post=4380"},{"taxonomy":"post_tag","embeddable":true,"href":"https:\/\/www.tubitex.com\/tr\/wp-json\/wp\/v2\/tags?post=4380"}],"curies":[{"name":"wp","href":"https:\/\/api.w.org\/{rel}","templated":true}]}}