{"id":4479,"date":"2017-04-24T17:23:20","date_gmt":"2017-04-24T17:23:20","guid":{"rendered":"https:\/\/www.tubitex.com\/?p=4479"},"modified":"2023-05-10T17:25:09","modified_gmt":"2023-05-10T17:25:09","slug":"vieni-trovarci-interpack2017-dal-4-al-10-maggio-2017","status":"publish","type":"post","link":"https:\/\/www.tubitex.com\/es\/2017\/04\/24\/vieni-trovarci-interpack2017-dal-4-al-10-maggio-2017\/","title":{"rendered":"Vieni a trovarci a Interpack2017 dal 4 al 10 maggio 2017!"},"content":{"rendered":"<h3><strong>Interpack2017<br \/>\n<\/strong><strong> 4-10 Maggio 2017<\/strong><a href=\"http:\/\/www.interpack.com\/vis\/v1\/en\/exhibitors\/interpack2017.2481952?oid=55132&amp;lang=2\" target=\"_blank\" rel=\"noopener noreferrer\"><strong><br \/>\n<span style=\"color: #000080;\">Hall 10 | Stand B57<\/span><br \/>\n<span style=\"color: #000080;\"> D\u00fcsseldorf, Germania<\/span><\/strong><\/a><\/h3>\n<h3>Cerchi soluzioni affidabili e personalizzate nel settore degli imballaggi?<\/h3>\n<p>Vieni a trovarci a <strong>Interpack 2017 dal 4 al 10 maggio<\/strong> per scoprire un partner di fiducia che ti possa offrire qualit\u00e0, affidabilit\u00e0 e competenza nella fornitura di tubi in cartone per ogni tipo di azienda, dal settore cartario al tessile fino a quello alimentare, e in base alle tue necessit\u00e0, e come questi possano contribuire a creare per te un business proficuo e un ambiente pi\u00f9 sostenibile.<\/p>\n<p>#interpack17 \u00e8 molto di pi\u00f9 di una fiera per il packaging. E&#8217; l&#8217;evento pi\u00f9 importante per il mercato del Packaging, spaziando dal settore dell\u2019imballaggio alimentare a quello delle bevande, dolciario, dei prodotti da forno, farmaceutico, cosmetico e dei prodotti industriali in genere. Non esiste altra fiera al mondo dove \u00e8 rappresentata, in modo pi\u00f9 completo, l&#8217;intera filiera.<\/p>\n<p>L\u2019evento fornisce le migliori soluzioni su misura e i pi\u00f9 innovativi dei prodotti, basati su una variet\u00e0 di materiali disponibili, rivolgendosi a tutti i settori industriali. In qualit\u00e0 di fiera leader a livello mondiale, Interpack 2017 \u00e8 la principale fonte di ispirazione per l\u2019industria dell\u2019imballaggio e per tutte le tecnologie ad essa collegate.<\/p>\n<p>Se stai cercando un partner di fiducia che ti possa offrire qualit\u00e0, affidabilit\u00e0 e competenza nella produzione di tubi in cartone allora vieni a conoscerci al <span style=\"color: #000080;\"><a style=\"color: #000080;\" href=\"http:\/\/www.interpack.com\/cgi-bin\/md_interpack\/lib\/pub\/tt.cgi\/Interactive_hall_plan.html?oid=61204&amp;lang=2&amp;ticket=g_u_e_s_t&amp;src=floorplan&amp;action=showExhibitor&amp;actionItem=2481952&amp;_event=interpack2017\" target=\"_blank\" rel=\"noopener noreferrer\">Padiglione 10 Stand B57 di Interpack2017.<\/a><\/span><\/p>\n<p><strong>Interpack 2017<br \/>\n4-10 Maggio 2017<br \/>\nHall 10 | Stand B57<br \/>\nD\u00fcsseldorf, Germania<\/strong><\/p>\n","protected":false},"excerpt":{"rendered":"<p>Interpack2017 4-10 Maggio 2017 Hall 10 | Stand B57 D\u00fcsseldorf, Germania Cerchi soluzioni affidabili e personalizzate nel settore degli imballaggi? Vieni a trovarci a Interpack 2017 dal 4 al 10 maggio per scoprire un partner di fiducia che ti possa offrire qualit\u00e0, affidabilit\u00e0 e competenza nella fornitura di tubi in cartone per ogni tipo di [&hellip;]<\/p>\n","protected":false},"author":1,"featured_media":4480,"comment_status":"open","ping_status":"open","sticky":false,"template":"","format":"standard","meta":{"_acf_changed":false,"_et_pb_use_builder":"","_et_pb_old_content":"","_et_gb_content_width":"","inline_featured_image":false,"footnotes":""},"categories":[61],"tags":[],"class_list":["post-4479","post","type-post","status-publish","format-standard","has-post-thumbnail","hentry","category-news"],"acf":[],"yoast_head":"<!-- This site is optimized with the Yoast SEO plugin v27.1.1 - https:\/\/yoast.com\/product\/yoast-seo-wordpress\/ -->\n<title>Vieni a trovarci a Interpack2017 dal 4 al 10 maggio 2017! - Tubitex<\/title>\n<meta name=\"robots\" content=\"index, follow, max-snippet:-1, max-image-preview:large, max-video-preview:-1\" \/>\n<link rel=\"canonical\" href=\"https:\/\/www.tubitex.com\/es\/2017\/04\/24\/vieni-trovarci-interpack2017-dal-4-al-10-maggio-2017\/\" \/>\n<meta property=\"og:locale\" content=\"es_ES\" \/>\n<meta property=\"og:type\" content=\"article\" \/>\n<meta property=\"og:title\" content=\"Vieni a trovarci a Interpack2017 dal 4 al 10 maggio 2017! - Tubitex\" \/>\n<meta property=\"og:description\" content=\"Interpack2017 4-10 Maggio 2017 Hall 10 | Stand B57 D\u00fcsseldorf, Germania Cerchi soluzioni affidabili e personalizzate nel settore degli imballaggi? Vieni a trovarci a Interpack 2017 dal 4 al 10 maggio per scoprire un partner di fiducia che ti possa offrire qualit\u00e0, affidabilit\u00e0 e competenza nella fornitura di tubi in cartone per ogni tipo di [&hellip;]\" \/>\n<meta property=\"og:url\" content=\"https:\/\/www.tubitex.com\/es\/2017\/04\/24\/vieni-trovarci-interpack2017-dal-4-al-10-maggio-2017\/\" \/>\n<meta property=\"og:site_name\" content=\"Tubitex\" \/>\n<meta property=\"article:published_time\" content=\"2017-04-24T17:23:20+00:00\" \/>\n<meta property=\"article:modified_time\" content=\"2023-05-10T17:25:09+00:00\" \/>\n<meta property=\"og:image\" content=\"https:\/\/www.tubitex.com\/wp-content\/uploads\/2023\/05\/banner2017-1-scaled.jpg\" \/>\n\t<meta property=\"og:image:width\" content=\"2560\" \/>\n\t<meta property=\"og:image:height\" content=\"786\" \/>\n\t<meta property=\"og:image:type\" content=\"image\/jpeg\" \/>\n<meta name=\"author\" content=\"admin\" \/>\n<meta name=\"twitter:card\" content=\"summary_large_image\" \/>\n<meta name=\"twitter:label1\" content=\"Escrito por\" \/>\n\t<meta name=\"twitter:data1\" content=\"admin\" \/>\n\t<meta name=\"twitter:label2\" content=\"Tiempo de lectura\" \/>\n\t<meta name=\"twitter:data2\" content=\"1 minuto\" \/>\n<script type=\"application\/ld+json\" class=\"yoast-schema-graph\">{\"@context\":\"https:\/\/schema.org\",\"@graph\":[{\"@type\":\"Article\",\"@id\":\"https:\/\/www.tubitex.com\/es\/2017\/04\/24\/vieni-trovarci-interpack2017-dal-4-al-10-maggio-2017\/#article\",\"isPartOf\":{\"@id\":\"https:\/\/www.tubitex.com\/es\/2017\/04\/24\/vieni-trovarci-interpack2017-dal-4-al-10-maggio-2017\/\"},\"author\":{\"name\":\"admin\",\"@id\":\"https:\/\/www.tubitex.com\/es\/#\/schema\/person\/fb0eeb44ce8e02ec9145f006afa3aebd\"},\"headline\":\"Vieni a trovarci a Interpack2017 dal 4 al 10 maggio 2017!\",\"datePublished\":\"2017-04-24T17:23:20+00:00\",\"dateModified\":\"2023-05-10T17:25:09+00:00\",\"mainEntityOfPage\":{\"@id\":\"https:\/\/www.tubitex.com\/es\/2017\/04\/24\/vieni-trovarci-interpack2017-dal-4-al-10-maggio-2017\/\"},\"wordCount\":241,\"commentCount\":0,\"image\":{\"@id\":\"https:\/\/www.tubitex.com\/es\/2017\/04\/24\/vieni-trovarci-interpack2017-dal-4-al-10-maggio-2017\/#primaryimage\"},\"thumbnailUrl\":\"https:\/\/www.tubitex.com\/wp-content\/uploads\/2023\/05\/banner2017-1-scaled.jpg\",\"articleSection\":[\"News\"],\"inLanguage\":\"es\",\"potentialAction\":[{\"@type\":\"CommentAction\",\"name\":\"Comment\",\"target\":[\"https:\/\/www.tubitex.com\/es\/2017\/04\/24\/vieni-trovarci-interpack2017-dal-4-al-10-maggio-2017\/#respond\"]}]},{\"@type\":\"WebPage\",\"@id\":\"https:\/\/www.tubitex.com\/es\/2017\/04\/24\/vieni-trovarci-interpack2017-dal-4-al-10-maggio-2017\/\",\"url\":\"https:\/\/www.tubitex.com\/es\/2017\/04\/24\/vieni-trovarci-interpack2017-dal-4-al-10-maggio-2017\/\",\"name\":\"Vieni a trovarci a Interpack2017 dal 4 al 10 maggio 2017! - Tubitex\",\"isPartOf\":{\"@id\":\"https:\/\/www.tubitex.com\/es\/#website\"},\"primaryImageOfPage\":{\"@id\":\"https:\/\/www.tubitex.com\/es\/2017\/04\/24\/vieni-trovarci-interpack2017-dal-4-al-10-maggio-2017\/#primaryimage\"},\"image\":{\"@id\":\"https:\/\/www.tubitex.com\/es\/2017\/04\/24\/vieni-trovarci-interpack2017-dal-4-al-10-maggio-2017\/#primaryimage\"},\"thumbnailUrl\":\"https:\/\/www.tubitex.com\/wp-content\/uploads\/2023\/05\/banner2017-1-scaled.jpg\",\"datePublished\":\"2017-04-24T17:23:20+00:00\",\"dateModified\":\"2023-05-10T17:25:09+00:00\",\"author\":{\"@id\":\"https:\/\/www.tubitex.com\/es\/#\/schema\/person\/fb0eeb44ce8e02ec9145f006afa3aebd\"},\"breadcrumb\":{\"@id\":\"https:\/\/www.tubitex.com\/es\/2017\/04\/24\/vieni-trovarci-interpack2017-dal-4-al-10-maggio-2017\/#breadcrumb\"},\"inLanguage\":\"es\",\"potentialAction\":[{\"@type\":\"ReadAction\",\"target\":[\"https:\/\/www.tubitex.com\/es\/2017\/04\/24\/vieni-trovarci-interpack2017-dal-4-al-10-maggio-2017\/\"]}]},{\"@type\":\"ImageObject\",\"inLanguage\":\"es\",\"@id\":\"https:\/\/www.tubitex.com\/es\/2017\/04\/24\/vieni-trovarci-interpack2017-dal-4-al-10-maggio-2017\/#primaryimage\",\"url\":\"https:\/\/www.tubitex.com\/wp-content\/uploads\/2023\/05\/banner2017-1-scaled.jpg\",\"contentUrl\":\"https:\/\/www.tubitex.com\/wp-content\/uploads\/2023\/05\/banner2017-1-scaled.jpg\",\"width\":2560,\"height\":786},{\"@type\":\"BreadcrumbList\",\"@id\":\"https:\/\/www.tubitex.com\/es\/2017\/04\/24\/vieni-trovarci-interpack2017-dal-4-al-10-maggio-2017\/#breadcrumb\",\"itemListElement\":[{\"@type\":\"ListItem\",\"position\":1,\"name\":\"Home\",\"item\":\"https:\/\/www.tubitex.com\/es\/\"},{\"@type\":\"ListItem\",\"position\":2,\"name\":\"Vieni a trovarci a Interpack2017 dal 4 al 10 maggio 2017!\"}]},{\"@type\":\"WebSite\",\"@id\":\"https:\/\/www.tubitex.com\/es\/#website\",\"url\":\"https:\/\/www.tubitex.com\/es\/\",\"name\":\"Tubitex\",\"description\":\"Produzione tubi in cartone, anime e bobine di carta\",\"potentialAction\":[{\"@type\":\"SearchAction\",\"target\":{\"@type\":\"EntryPoint\",\"urlTemplate\":\"https:\/\/www.tubitex.com\/es\/?s={search_term_string}\"},\"query-input\":{\"@type\":\"PropertyValueSpecification\",\"valueRequired\":true,\"valueName\":\"search_term_string\"}}],\"inLanguage\":\"es\"},{\"@type\":\"Person\",\"@id\":\"https:\/\/www.tubitex.com\/es\/#\/schema\/person\/fb0eeb44ce8e02ec9145f006afa3aebd\",\"name\":\"admin\",\"sameAs\":[\"https:\/\/www.tubitex.com\"],\"url\":\"https:\/\/www.tubitex.com\/es\/author\/clever_tubitex\/\"}]}<\/script>\n<!-- \/ Yoast SEO plugin. -->","yoast_head_json":{"title":"Vieni a trovarci a Interpack2017 dal 4 al 10 maggio 2017! - Tubitex","robots":{"index":"index","follow":"follow","max-snippet":"max-snippet:-1","max-image-preview":"max-image-preview:large","max-video-preview":"max-video-preview:-1"},"canonical":"https:\/\/www.tubitex.com\/es\/2017\/04\/24\/vieni-trovarci-interpack2017-dal-4-al-10-maggio-2017\/","og_locale":"es_ES","og_type":"article","og_title":"Vieni a trovarci a Interpack2017 dal 4 al 10 maggio 2017! - Tubitex","og_description":"Interpack2017 4-10 Maggio 2017 Hall 10 | Stand B57 D\u00fcsseldorf, Germania Cerchi soluzioni affidabili e personalizzate nel settore degli imballaggi? Vieni a trovarci a Interpack 2017 dal 4 al 10 maggio per scoprire un partner di fiducia che ti possa offrire qualit\u00e0, affidabilit\u00e0 e competenza nella fornitura di tubi in cartone per ogni tipo di [&hellip;]","og_url":"https:\/\/www.tubitex.com\/es\/2017\/04\/24\/vieni-trovarci-interpack2017-dal-4-al-10-maggio-2017\/","og_site_name":"Tubitex","article_published_time":"2017-04-24T17:23:20+00:00","article_modified_time":"2023-05-10T17:25:09+00:00","og_image":[{"width":2560,"height":786,"url":"https:\/\/www.tubitex.com\/wp-content\/uploads\/2023\/05\/banner2017-1-scaled.jpg","type":"image\/jpeg"}],"author":"admin","twitter_card":"summary_large_image","twitter_misc":{"Escrito por":"admin","Tiempo de lectura":"1 minuto"},"schema":{"@context":"https:\/\/schema.org","@graph":[{"@type":"Article","@id":"https:\/\/www.tubitex.com\/es\/2017\/04\/24\/vieni-trovarci-interpack2017-dal-4-al-10-maggio-2017\/#article","isPartOf":{"@id":"https:\/\/www.tubitex.com\/es\/2017\/04\/24\/vieni-trovarci-interpack2017-dal-4-al-10-maggio-2017\/"},"author":{"name":"admin","@id":"https:\/\/www.tubitex.com\/es\/#\/schema\/person\/fb0eeb44ce8e02ec9145f006afa3aebd"},"headline":"Vieni a trovarci a Interpack2017 dal 4 al 10 maggio 2017!","datePublished":"2017-04-24T17:23:20+00:00","dateModified":"2023-05-10T17:25:09+00:00","mainEntityOfPage":{"@id":"https:\/\/www.tubitex.com\/es\/2017\/04\/24\/vieni-trovarci-interpack2017-dal-4-al-10-maggio-2017\/"},"wordCount":241,"commentCount":0,"image":{"@id":"https:\/\/www.tubitex.com\/es\/2017\/04\/24\/vieni-trovarci-interpack2017-dal-4-al-10-maggio-2017\/#primaryimage"},"thumbnailUrl":"https:\/\/www.tubitex.com\/wp-content\/uploads\/2023\/05\/banner2017-1-scaled.jpg","articleSection":["News"],"inLanguage":"es","potentialAction":[{"@type":"CommentAction","name":"Comment","target":["https:\/\/www.tubitex.com\/es\/2017\/04\/24\/vieni-trovarci-interpack2017-dal-4-al-10-maggio-2017\/#respond"]}]},{"@type":"WebPage","@id":"https:\/\/www.tubitex.com\/es\/2017\/04\/24\/vieni-trovarci-interpack2017-dal-4-al-10-maggio-2017\/","url":"https:\/\/www.tubitex.com\/es\/2017\/04\/24\/vieni-trovarci-interpack2017-dal-4-al-10-maggio-2017\/","name":"Vieni a trovarci a Interpack2017 dal 4 al 10 maggio 2017! - Tubitex","isPartOf":{"@id":"https:\/\/www.tubitex.com\/es\/#website"},"primaryImageOfPage":{"@id":"https:\/\/www.tubitex.com\/es\/2017\/04\/24\/vieni-trovarci-interpack2017-dal-4-al-10-maggio-2017\/#primaryimage"},"image":{"@id":"https:\/\/www.tubitex.com\/es\/2017\/04\/24\/vieni-trovarci-interpack2017-dal-4-al-10-maggio-2017\/#primaryimage"},"thumbnailUrl":"https:\/\/www.tubitex.com\/wp-content\/uploads\/2023\/05\/banner2017-1-scaled.jpg","datePublished":"2017-04-24T17:23:20+00:00","dateModified":"2023-05-10T17:25:09+00:00","author":{"@id":"https:\/\/www.tubitex.com\/es\/#\/schema\/person\/fb0eeb44ce8e02ec9145f006afa3aebd"},"breadcrumb":{"@id":"https:\/\/www.tubitex.com\/es\/2017\/04\/24\/vieni-trovarci-interpack2017-dal-4-al-10-maggio-2017\/#breadcrumb"},"inLanguage":"es","potentialAction":[{"@type":"ReadAction","target":["https:\/\/www.tubitex.com\/es\/2017\/04\/24\/vieni-trovarci-interpack2017-dal-4-al-10-maggio-2017\/"]}]},{"@type":"ImageObject","inLanguage":"es","@id":"https:\/\/www.tubitex.com\/es\/2017\/04\/24\/vieni-trovarci-interpack2017-dal-4-al-10-maggio-2017\/#primaryimage","url":"https:\/\/www.tubitex.com\/wp-content\/uploads\/2023\/05\/banner2017-1-scaled.jpg","contentUrl":"https:\/\/www.tubitex.com\/wp-content\/uploads\/2023\/05\/banner2017-1-scaled.jpg","width":2560,"height":786},{"@type":"BreadcrumbList","@id":"https:\/\/www.tubitex.com\/es\/2017\/04\/24\/vieni-trovarci-interpack2017-dal-4-al-10-maggio-2017\/#breadcrumb","itemListElement":[{"@type":"ListItem","position":1,"name":"Home","item":"https:\/\/www.tubitex.com\/es\/"},{"@type":"ListItem","position":2,"name":"Vieni a trovarci a Interpack2017 dal 4 al 10 maggio 2017!"}]},{"@type":"WebSite","@id":"https:\/\/www.tubitex.com\/es\/#website","url":"https:\/\/www.tubitex.com\/es\/","name":"Tubitex","description":"Produzione tubi in cartone, anime e bobine di carta","potentialAction":[{"@type":"SearchAction","target":{"@type":"EntryPoint","urlTemplate":"https:\/\/www.tubitex.com\/es\/?s={search_term_string}"},"query-input":{"@type":"PropertyValueSpecification","valueRequired":true,"valueName":"search_term_string"}}],"inLanguage":"es"},{"@type":"Person","@id":"https:\/\/www.tubitex.com\/es\/#\/schema\/person\/fb0eeb44ce8e02ec9145f006afa3aebd","name":"admin","sameAs":["https:\/\/www.tubitex.com"],"url":"https:\/\/www.tubitex.com\/es\/author\/clever_tubitex\/"}]}},"_links":{"self":[{"href":"https:\/\/www.tubitex.com\/es\/wp-json\/wp\/v2\/posts\/4479","targetHints":{"allow":["GET"]}}],"collection":[{"href":"https:\/\/www.tubitex.com\/es\/wp-json\/wp\/v2\/posts"}],"about":[{"href":"https:\/\/www.tubitex.com\/es\/wp-json\/wp\/v2\/types\/post"}],"author":[{"embeddable":true,"href":"https:\/\/www.tubitex.com\/es\/wp-json\/wp\/v2\/users\/1"}],"replies":[{"embeddable":true,"href":"https:\/\/www.tubitex.com\/es\/wp-json\/wp\/v2\/comments?post=4479"}],"version-history":[{"count":0,"href":"https:\/\/www.tubitex.com\/es\/wp-json\/wp\/v2\/posts\/4479\/revisions"}],"wp:featuredmedia":[{"embeddable":true,"href":"https:\/\/www.tubitex.com\/es\/wp-json\/wp\/v2\/media\/4480"}],"wp:attachment":[{"href":"https:\/\/www.tubitex.com\/es\/wp-json\/wp\/v2\/media?parent=4479"}],"wp:term":[{"taxonomy":"category","embeddable":true,"href":"https:\/\/www.tubitex.com\/es\/wp-json\/wp\/v2\/categories?post=4479"},{"taxonomy":"post_tag","embeddable":true,"href":"https:\/\/www.tubitex.com\/es\/wp-json\/wp\/v2\/tags?post=4479"}],"curies":[{"name":"wp","href":"https:\/\/api.w.org\/{rel}","templated":true}]}}