{"id":7612,"date":"2023-05-05T15:42:47","date_gmt":"2023-05-05T15:42:47","guid":{"rendered":"https:\/\/www.tubitex.com\/2023\/05\/05\/tubitex-nimmt-an-der-interpack-ausgabe-2023-teil\/"},"modified":"2024-05-03T10:58:48","modified_gmt":"2024-05-03T10:58:48","slug":"tubitex-nimmt-an-der-interpack-ausgabe-2023-teil","status":"publish","type":"post","link":"https:\/\/www.tubitex.com\/de\/2023\/05\/05\/tubitex-nimmt-an-der-interpack-ausgabe-2023-teil\/","title":{"rendered":"Tubitex nimmt an der Interpack Ausgabe 2023 teil"},"content":{"rendered":"<p><a href=\"https:\/\/www.interpack.com\/\"><br \/>\n  <span style=\"font-weight: 400;\">Interpack<\/span><br \/>\n<\/a><span style=\"font-weight: 400;\"> ist die weltweit f\u00fchrende Fachmesse f\u00fcr Verpackungsl\u00f6sungen und -prozesse. <\/span>  <span style=\"font-weight: 400;\">Sie findet alle drei Jahre auf der Messe D\u00fcsseldorf (dem Messegel\u00e4nde) statt. Dieses Jahr findet sie vom 4. bis 10. Mai von 10 bis 18 Uhr statt, und Tubitex wird einer der Aussteller sein.<\/span><\/p>\n<h2><b><i>Die Organisation der Messe<\/i><\/b><\/h2>\n<p><span style=\"font-weight: 400;\">Mit 2715 Ausstellern, die bereit sind, die neuesten innovativen Produkte und Dienstleistungen zu pr\u00e4sentieren, ist die Messe in klar definierte Sektoren unterteilt:<\/span><\/p>\n<ul>\n<li style=\"font-weight: 400;\"><b>S\u00fc\u00dfwaren und B\u00e4ckereiprodukte<\/b><span style=\"font-weight: 400;\">Die Hallen 1, 3 und 4 sind Prozessen und Maschinen f\u00fcr die Verpackung von S\u00fc\u00df- und Backwaren unter Verwendung nachhaltiger Materialien gewidmet. <\/span> <\/li>\n<li style=\"font-weight: 400;\"><b>Nahrungsmittel, Getr\u00e4nke, Nicht-Nahrungsmittel und Industrieg\u00fcter<\/b><span style=\"font-weight: 400;\">Weitere nachhaltige Verpackungsl\u00f6sungen f\u00fcr diese Bereiche finden Sie in den Hallen 5, 6, 11 und 14. Halle 13 widmet sich besonders den Abf\u00fcll- und Verpackungsmethoden f\u00fcr Getr\u00e4nke.<\/span><\/li>\n<li style=\"font-weight: 400;\"><b>Pharmazeutika und Kosmetika<\/b><span style=\"font-weight: 400;\">In den Hallen 15 und 17 werden innovative Verfahren und Maschinen f\u00fcr die Verpackung von Arzneimitteln und Kosmetika vorgestellt. <\/span> <\/li>\n<li style=\"font-weight: 400;\"><b>Verpackung und Verpackungsmaterial<\/b><span style=\"font-weight: 400;\">Die Hallen 7, 7a, 8, 9 und 10 sind die wichtigsten Hallen der Messe, da sie mindestens ein Drittel der Aussteller beherbergen. Hier finden Sie Materialien, Hilfsstoffe und fertige Verpackungsprodukte. Der Schwerpunkt liegt auf Recycling und Ressourcenschonung.<\/span><\/li>\n<li style=\"font-weight: 400;\"><b>Etikettierung, Kennzeichnung und Veredelung<\/b><span style=\"font-weight: 400;\">Die Hallen 8a und 8b veranschaulichen die technologischen Innovationen in diesen Sektoren. <\/span> <\/li>\n<li style=\"font-weight: 400;\"><b>Komponenten<\/b><span style=\"font-weight: 400;\">In Halle 18 haben die Teilnehmer der interpack Zugang zur Komponentenmesse. Neben neuen Komponenten, Ausr\u00fcstungen und Peripherieger\u00e4ten bieten die 81 Aussteller auch Technologiel\u00f6sungen f\u00fcr verbesserte industrielle Software, komplette Automatisierungssysteme, Antriebe, Steuerungen, Sensoren, industrielle Bildverarbeitung und Handhabungstechnologien.<\/span><\/li>\n<\/ul>\n<p>&nbsp;<\/p>\n<h2><b><i>Behandelte Themen<\/i><\/b><\/h2>\n<p><span style=\"font-weight: 400;\">W\u00e4hrend der Messe werden vor allem die wichtigsten Themen der Nachhaltigkeit diskutiert:<\/span><\/p>\n<ul>\n<li style=\"font-weight: 400;\"><b>Die Kreislaufwirtschaft<\/b><span style=\"font-weight: 400;\">Ressourcen so lange wie m\u00f6glich im Kreislauf zu halten, das Recycling optimal zu nutzen und Abfall zu reduzieren. Die Suche nach langlebigen, wiederverwendbaren Verpackungsl\u00f6sungen, die den Anforderungen der Lebensmittel-, Pharma- und Kosmetikindustrie gerecht werden.<\/span><\/li>\n<li style=\"font-weight: 400;\"><b>Ressourceneffizienz<\/b><span style=\"font-weight: 400;\">weniger Materialien verwenden, aber die Qualit\u00e4t beibehalten (oder sogar steigern). Nutzung erneuerbarer Energiequellen in der Produktionsphase. Einsatz geeigneter Maschinen zur Reduzierung der Kohlendioxidemissionen. Verstehen Sie, ob die derzeitigen Materialien wiederverwendet werden k\u00f6nnen oder ob es notwendig ist, auf neue, biologisch abbaubare Materialien umzusteigen.  <\/span><\/li>\n<li style=\"font-weight: 400;\"><b>Digitalisierung<\/b><span style=\"font-weight: 400;\">Was sind die Risiken und Vorteile der Digitalisierung und des automatisierten Betriebs. In welchen Bereichen es von Vorteil w\u00e4re, Mitarbeiter mit digitalen L\u00f6sungen zu flankieren. Automatisieren Sie das Sortieren von Paketen mit digitalen Wasserzeichen. K\u00fcnstliche Intelligenz zur Verbesserung des Recyclings nutzen.  <\/span><\/li>\n<li style=\"font-weight: 400;\"><b>Produktsicherheit<\/b><span style=\"font-weight: 400;\">Einsatz von R\u00f6ntgensystemen zur Vermeidung von Fremdk\u00f6rpern in Lebensmitteln. Verwenden Sie QR-Codes, um Verbrauchern zus\u00e4tzliche Produktinformationen zur Verf\u00fcgung zu stellen. Nutzen Sie Software, um Metallverunreinigungen in trockenen Lebensmitteln zu erkennen, oder informieren Sie Patienten, wenn Medikamente falsch gelagert werden. Finden Sie andere Methoden, um das Verfallsdatum auf Verpackungen anzugeben.  <\/span><\/li>\n<\/ul>\n<p>&nbsp;<\/p>\n<h2><b><i>Die Dienstleistungen von Tubitex<\/i><\/b><\/h2>\n<p><a href=\"https:\/\/www.tubitex.com\/\"><br \/>\n  <span style=\"font-weight: 400;\">Tubitex<\/span><br \/>\n<\/a><span style=\"font-weight: 400;\"> ist Europas f\u00fchrender Designer und Hersteller von industriellen Pappr\u00f6hren, Rohren und Kernen. <\/span>  <span style=\"font-weight: 400;\">Wir bieten ma\u00dfgefertigte, vollst\u00e4ndig recycelbare und 100% umweltfreundliche Rohre. Unsere Rohstoffe haben keinerlei Auswirkungen auf die Umwelt.  <\/span> <span style=\"font-weight: 400;\">Wir entwickeln st\u00e4ndig neue technologische L\u00f6sungen, um die Qualit\u00e4t und Nachhaltigkeit unserer Produkte zu verbessern: Wir setzen neue Technologien ein, testen innovative Materialien und alternative Produktionsmethoden.<\/span> <span style=\"font-weight: 400;\">Unsere Produkte reichen von Papierfabriken \u00fcber Textilien bis hin zu Lebensmitteln.<\/span> <span style=\"font-weight: 400;\">Besuchen Sie uns auf der interpack! Wir sind in Halle 10, Stand B57.  <\/span> <a href=\"https:\/\/www.interpack.com\/en\/Interactive_hall_plan?action=showExhibitor&amp;actionItem=2684047&amp;_event=interpack2023\"><span style=\"font-weight: 400;\">https:\/\/www.interpack.com\/en\/Interactive_hall_plan?action=showExhibitor&amp;actionItem=2684047&amp;_event=interpack2023<\/span><\/a><\/p>\n","protected":false},"excerpt":{"rendered":"<p>Die Interpack ist die weltweit f\u00fchrende Fachmesse f\u00fcr Verpackungsl\u00f6sungen und -prozesse. Sie findet alle drei Jahre auf der Messe D\u00fcsseldorf statt. Dieses Jahr findet sie vom 4. bis 10. Mai von 10 bis 18 Uhr statt, und Tubitex wird einer der Aussteller sein.<\/p>\n","protected":false},"author":1,"featured_media":4706,"comment_status":"open","ping_status":"open","sticky":false,"template":"","format":"standard","meta":{"_acf_changed":false,"_et_pb_use_builder":"off","_et_pb_old_content":"","_et_gb_content_width":"","inline_featured_image":false,"footnotes":""},"categories":[28],"tags":[],"class_list":["post-7612","post","type-post","status-publish","format-standard","has-post-thumbnail","hentry","category-articoli-de"],"acf":[],"yoast_head":"<!-- This site is optimized with the Yoast SEO plugin v27.1.1 - https:\/\/yoast.com\/product\/yoast-seo-wordpress\/ -->\n<title>Tubitex nimmt an der Interpack Ausgabe 2023 teil - Tubitex<\/title>\n<meta name=\"robots\" content=\"index, follow, max-snippet:-1, max-image-preview:large, max-video-preview:-1\" \/>\n<link rel=\"canonical\" href=\"https:\/\/www.tubitex.com\/de\/2023\/05\/05\/tubitex-nimmt-an-der-interpack-ausgabe-2023-teil\/\" \/>\n<meta property=\"og:locale\" content=\"de_DE\" \/>\n<meta property=\"og:type\" content=\"article\" \/>\n<meta property=\"og:title\" content=\"Tubitex nimmt an der Interpack Ausgabe 2023 teil - Tubitex\" \/>\n<meta property=\"og:description\" content=\"Die Interpack ist die weltweit f\u00fchrende Fachmesse f\u00fcr Verpackungsl\u00f6sungen und -prozesse. Sie findet alle drei Jahre auf der Messe D\u00fcsseldorf statt. Dieses Jahr findet sie vom 4. bis 10. Mai von 10 bis 18 Uhr statt, und Tubitex wird einer der Aussteller sein.\" \/>\n<meta property=\"og:url\" content=\"https:\/\/www.tubitex.com\/de\/2023\/05\/05\/tubitex-nimmt-an-der-interpack-ausgabe-2023-teil\/\" \/>\n<meta property=\"og:site_name\" content=\"Tubitex\" \/>\n<meta property=\"article:published_time\" content=\"2023-05-05T15:42:47+00:00\" \/>\n<meta property=\"article:modified_time\" content=\"2024-05-03T10:58:48+00:00\" \/>\n<meta property=\"og:image\" content=\"https:\/\/www.tubitex.com\/wp-content\/uploads\/2023\/05\/Interpack2023-Logo-1.jpg\" \/>\n\t<meta property=\"og:image:width\" content=\"1200\" \/>\n\t<meta property=\"og:image:height\" content=\"800\" \/>\n\t<meta property=\"og:image:type\" content=\"image\/jpeg\" \/>\n<meta name=\"author\" content=\"admin\" \/>\n<meta name=\"twitter:card\" content=\"summary_large_image\" \/>\n<meta name=\"twitter:label1\" content=\"Verfasst von\" \/>\n\t<meta name=\"twitter:data1\" content=\"admin\" \/>\n\t<meta name=\"twitter:label2\" content=\"Gesch\u00e4tzte Lesezeit\" \/>\n\t<meta name=\"twitter:data2\" content=\"3\u00a0Minuten\" \/>\n<script type=\"application\/ld+json\" class=\"yoast-schema-graph\">{\"@context\":\"https:\/\/schema.org\",\"@graph\":[{\"@type\":\"Article\",\"@id\":\"https:\/\/www.tubitex.com\/de\/2023\/05\/05\/tubitex-nimmt-an-der-interpack-ausgabe-2023-teil\/#article\",\"isPartOf\":{\"@id\":\"https:\/\/www.tubitex.com\/de\/2023\/05\/05\/tubitex-nimmt-an-der-interpack-ausgabe-2023-teil\/\"},\"author\":{\"name\":\"admin\",\"@id\":\"https:\/\/www.tubitex.com\/de\/#\/schema\/person\/fb0eeb44ce8e02ec9145f006afa3aebd\"},\"headline\":\"Tubitex nimmt an der Interpack Ausgabe 2023 teil\",\"datePublished\":\"2023-05-05T15:42:47+00:00\",\"dateModified\":\"2024-05-03T10:58:48+00:00\",\"mainEntityOfPage\":{\"@id\":\"https:\/\/www.tubitex.com\/de\/2023\/05\/05\/tubitex-nimmt-an-der-interpack-ausgabe-2023-teil\/\"},\"wordCount\":554,\"commentCount\":0,\"image\":{\"@id\":\"https:\/\/www.tubitex.com\/de\/2023\/05\/05\/tubitex-nimmt-an-der-interpack-ausgabe-2023-teil\/#primaryimage\"},\"thumbnailUrl\":\"https:\/\/www.tubitex.com\/wp-content\/uploads\/2023\/05\/Interpack2023-Logo-1.jpg\",\"articleSection\":[\"Articoli\"],\"inLanguage\":\"de\",\"potentialAction\":[{\"@type\":\"CommentAction\",\"name\":\"Comment\",\"target\":[\"https:\/\/www.tubitex.com\/de\/2023\/05\/05\/tubitex-nimmt-an-der-interpack-ausgabe-2023-teil\/#respond\"]}]},{\"@type\":\"WebPage\",\"@id\":\"https:\/\/www.tubitex.com\/de\/2023\/05\/05\/tubitex-nimmt-an-der-interpack-ausgabe-2023-teil\/\",\"url\":\"https:\/\/www.tubitex.com\/de\/2023\/05\/05\/tubitex-nimmt-an-der-interpack-ausgabe-2023-teil\/\",\"name\":\"Tubitex nimmt an der Interpack Ausgabe 2023 teil - Tubitex\",\"isPartOf\":{\"@id\":\"https:\/\/www.tubitex.com\/de\/#website\"},\"primaryImageOfPage\":{\"@id\":\"https:\/\/www.tubitex.com\/de\/2023\/05\/05\/tubitex-nimmt-an-der-interpack-ausgabe-2023-teil\/#primaryimage\"},\"image\":{\"@id\":\"https:\/\/www.tubitex.com\/de\/2023\/05\/05\/tubitex-nimmt-an-der-interpack-ausgabe-2023-teil\/#primaryimage\"},\"thumbnailUrl\":\"https:\/\/www.tubitex.com\/wp-content\/uploads\/2023\/05\/Interpack2023-Logo-1.jpg\",\"datePublished\":\"2023-05-05T15:42:47+00:00\",\"dateModified\":\"2024-05-03T10:58:48+00:00\",\"author\":{\"@id\":\"https:\/\/www.tubitex.com\/de\/#\/schema\/person\/fb0eeb44ce8e02ec9145f006afa3aebd\"},\"breadcrumb\":{\"@id\":\"https:\/\/www.tubitex.com\/de\/2023\/05\/05\/tubitex-nimmt-an-der-interpack-ausgabe-2023-teil\/#breadcrumb\"},\"inLanguage\":\"de\",\"potentialAction\":[{\"@type\":\"ReadAction\",\"target\":[\"https:\/\/www.tubitex.com\/de\/2023\/05\/05\/tubitex-nimmt-an-der-interpack-ausgabe-2023-teil\/\"]}]},{\"@type\":\"ImageObject\",\"inLanguage\":\"de\",\"@id\":\"https:\/\/www.tubitex.com\/de\/2023\/05\/05\/tubitex-nimmt-an-der-interpack-ausgabe-2023-teil\/#primaryimage\",\"url\":\"https:\/\/www.tubitex.com\/wp-content\/uploads\/2023\/05\/Interpack2023-Logo-1.jpg\",\"contentUrl\":\"https:\/\/www.tubitex.com\/wp-content\/uploads\/2023\/05\/Interpack2023-Logo-1.jpg\",\"width\":1200,\"height\":800},{\"@type\":\"BreadcrumbList\",\"@id\":\"https:\/\/www.tubitex.com\/de\/2023\/05\/05\/tubitex-nimmt-an-der-interpack-ausgabe-2023-teil\/#breadcrumb\",\"itemListElement\":[{\"@type\":\"ListItem\",\"position\":1,\"name\":\"Home\",\"item\":\"https:\/\/www.tubitex.com\/de\/\"},{\"@type\":\"ListItem\",\"position\":2,\"name\":\"Tubitex nimmt an der Interpack Ausgabe 2023 teil\"}]},{\"@type\":\"WebSite\",\"@id\":\"https:\/\/www.tubitex.com\/de\/#website\",\"url\":\"https:\/\/www.tubitex.com\/de\/\",\"name\":\"Tubitex\",\"description\":\"Produzione tubi in cartone, anime e bobine di carta\",\"potentialAction\":[{\"@type\":\"SearchAction\",\"target\":{\"@type\":\"EntryPoint\",\"urlTemplate\":\"https:\/\/www.tubitex.com\/de\/?s={search_term_string}\"},\"query-input\":{\"@type\":\"PropertyValueSpecification\",\"valueRequired\":true,\"valueName\":\"search_term_string\"}}],\"inLanguage\":\"de\"},{\"@type\":\"Person\",\"@id\":\"https:\/\/www.tubitex.com\/de\/#\/schema\/person\/fb0eeb44ce8e02ec9145f006afa3aebd\",\"name\":\"admin\",\"sameAs\":[\"https:\/\/www.tubitex.com\"],\"url\":\"https:\/\/www.tubitex.com\/de\/author\/clever_tubitex\/\"}]}<\/script>\n<!-- \/ Yoast SEO plugin. -->","yoast_head_json":{"title":"Tubitex nimmt an der Interpack Ausgabe 2023 teil - Tubitex","robots":{"index":"index","follow":"follow","max-snippet":"max-snippet:-1","max-image-preview":"max-image-preview:large","max-video-preview":"max-video-preview:-1"},"canonical":"https:\/\/www.tubitex.com\/de\/2023\/05\/05\/tubitex-nimmt-an-der-interpack-ausgabe-2023-teil\/","og_locale":"de_DE","og_type":"article","og_title":"Tubitex nimmt an der Interpack Ausgabe 2023 teil - Tubitex","og_description":"Die Interpack ist die weltweit f\u00fchrende Fachmesse f\u00fcr Verpackungsl\u00f6sungen und -prozesse. Sie findet alle drei Jahre auf der Messe D\u00fcsseldorf statt. Dieses Jahr findet sie vom 4. bis 10. Mai von 10 bis 18 Uhr statt, und Tubitex wird einer der Aussteller sein.","og_url":"https:\/\/www.tubitex.com\/de\/2023\/05\/05\/tubitex-nimmt-an-der-interpack-ausgabe-2023-teil\/","og_site_name":"Tubitex","article_published_time":"2023-05-05T15:42:47+00:00","article_modified_time":"2024-05-03T10:58:48+00:00","og_image":[{"width":1200,"height":800,"url":"https:\/\/www.tubitex.com\/wp-content\/uploads\/2023\/05\/Interpack2023-Logo-1.jpg","type":"image\/jpeg"}],"author":"admin","twitter_card":"summary_large_image","twitter_misc":{"Verfasst von":"admin","Gesch\u00e4tzte Lesezeit":"3\u00a0Minuten"},"schema":{"@context":"https:\/\/schema.org","@graph":[{"@type":"Article","@id":"https:\/\/www.tubitex.com\/de\/2023\/05\/05\/tubitex-nimmt-an-der-interpack-ausgabe-2023-teil\/#article","isPartOf":{"@id":"https:\/\/www.tubitex.com\/de\/2023\/05\/05\/tubitex-nimmt-an-der-interpack-ausgabe-2023-teil\/"},"author":{"name":"admin","@id":"https:\/\/www.tubitex.com\/de\/#\/schema\/person\/fb0eeb44ce8e02ec9145f006afa3aebd"},"headline":"Tubitex nimmt an der Interpack Ausgabe 2023 teil","datePublished":"2023-05-05T15:42:47+00:00","dateModified":"2024-05-03T10:58:48+00:00","mainEntityOfPage":{"@id":"https:\/\/www.tubitex.com\/de\/2023\/05\/05\/tubitex-nimmt-an-der-interpack-ausgabe-2023-teil\/"},"wordCount":554,"commentCount":0,"image":{"@id":"https:\/\/www.tubitex.com\/de\/2023\/05\/05\/tubitex-nimmt-an-der-interpack-ausgabe-2023-teil\/#primaryimage"},"thumbnailUrl":"https:\/\/www.tubitex.com\/wp-content\/uploads\/2023\/05\/Interpack2023-Logo-1.jpg","articleSection":["Articoli"],"inLanguage":"de","potentialAction":[{"@type":"CommentAction","name":"Comment","target":["https:\/\/www.tubitex.com\/de\/2023\/05\/05\/tubitex-nimmt-an-der-interpack-ausgabe-2023-teil\/#respond"]}]},{"@type":"WebPage","@id":"https:\/\/www.tubitex.com\/de\/2023\/05\/05\/tubitex-nimmt-an-der-interpack-ausgabe-2023-teil\/","url":"https:\/\/www.tubitex.com\/de\/2023\/05\/05\/tubitex-nimmt-an-der-interpack-ausgabe-2023-teil\/","name":"Tubitex nimmt an der Interpack Ausgabe 2023 teil - Tubitex","isPartOf":{"@id":"https:\/\/www.tubitex.com\/de\/#website"},"primaryImageOfPage":{"@id":"https:\/\/www.tubitex.com\/de\/2023\/05\/05\/tubitex-nimmt-an-der-interpack-ausgabe-2023-teil\/#primaryimage"},"image":{"@id":"https:\/\/www.tubitex.com\/de\/2023\/05\/05\/tubitex-nimmt-an-der-interpack-ausgabe-2023-teil\/#primaryimage"},"thumbnailUrl":"https:\/\/www.tubitex.com\/wp-content\/uploads\/2023\/05\/Interpack2023-Logo-1.jpg","datePublished":"2023-05-05T15:42:47+00:00","dateModified":"2024-05-03T10:58:48+00:00","author":{"@id":"https:\/\/www.tubitex.com\/de\/#\/schema\/person\/fb0eeb44ce8e02ec9145f006afa3aebd"},"breadcrumb":{"@id":"https:\/\/www.tubitex.com\/de\/2023\/05\/05\/tubitex-nimmt-an-der-interpack-ausgabe-2023-teil\/#breadcrumb"},"inLanguage":"de","potentialAction":[{"@type":"ReadAction","target":["https:\/\/www.tubitex.com\/de\/2023\/05\/05\/tubitex-nimmt-an-der-interpack-ausgabe-2023-teil\/"]}]},{"@type":"ImageObject","inLanguage":"de","@id":"https:\/\/www.tubitex.com\/de\/2023\/05\/05\/tubitex-nimmt-an-der-interpack-ausgabe-2023-teil\/#primaryimage","url":"https:\/\/www.tubitex.com\/wp-content\/uploads\/2023\/05\/Interpack2023-Logo-1.jpg","contentUrl":"https:\/\/www.tubitex.com\/wp-content\/uploads\/2023\/05\/Interpack2023-Logo-1.jpg","width":1200,"height":800},{"@type":"BreadcrumbList","@id":"https:\/\/www.tubitex.com\/de\/2023\/05\/05\/tubitex-nimmt-an-der-interpack-ausgabe-2023-teil\/#breadcrumb","itemListElement":[{"@type":"ListItem","position":1,"name":"Home","item":"https:\/\/www.tubitex.com\/de\/"},{"@type":"ListItem","position":2,"name":"Tubitex nimmt an der Interpack Ausgabe 2023 teil"}]},{"@type":"WebSite","@id":"https:\/\/www.tubitex.com\/de\/#website","url":"https:\/\/www.tubitex.com\/de\/","name":"Tubitex","description":"Produzione tubi in cartone, anime e bobine di carta","potentialAction":[{"@type":"SearchAction","target":{"@type":"EntryPoint","urlTemplate":"https:\/\/www.tubitex.com\/de\/?s={search_term_string}"},"query-input":{"@type":"PropertyValueSpecification","valueRequired":true,"valueName":"search_term_string"}}],"inLanguage":"de"},{"@type":"Person","@id":"https:\/\/www.tubitex.com\/de\/#\/schema\/person\/fb0eeb44ce8e02ec9145f006afa3aebd","name":"admin","sameAs":["https:\/\/www.tubitex.com"],"url":"https:\/\/www.tubitex.com\/de\/author\/clever_tubitex\/"}]}},"_links":{"self":[{"href":"https:\/\/www.tubitex.com\/de\/wp-json\/wp\/v2\/posts\/7612","targetHints":{"allow":["GET"]}}],"collection":[{"href":"https:\/\/www.tubitex.com\/de\/wp-json\/wp\/v2\/posts"}],"about":[{"href":"https:\/\/www.tubitex.com\/de\/wp-json\/wp\/v2\/types\/post"}],"author":[{"embeddable":true,"href":"https:\/\/www.tubitex.com\/de\/wp-json\/wp\/v2\/users\/1"}],"replies":[{"embeddable":true,"href":"https:\/\/www.tubitex.com\/de\/wp-json\/wp\/v2\/comments?post=7612"}],"version-history":[{"count":1,"href":"https:\/\/www.tubitex.com\/de\/wp-json\/wp\/v2\/posts\/7612\/revisions"}],"predecessor-version":[{"id":7616,"href":"https:\/\/www.tubitex.com\/de\/wp-json\/wp\/v2\/posts\/7612\/revisions\/7616"}],"wp:featuredmedia":[{"embeddable":true,"href":"https:\/\/www.tubitex.com\/de\/wp-json\/wp\/v2\/media\/4706"}],"wp:attachment":[{"href":"https:\/\/www.tubitex.com\/de\/wp-json\/wp\/v2\/media?parent=7612"}],"wp:term":[{"taxonomy":"category","embeddable":true,"href":"https:\/\/www.tubitex.com\/de\/wp-json\/wp\/v2\/categories?post=7612"},{"taxonomy":"post_tag","embeddable":true,"href":"https:\/\/www.tubitex.com\/de\/wp-json\/wp\/v2\/tags?post=7612"}],"curies":[{"name":"wp","href":"https:\/\/api.w.org\/{rel}","templated":true}]}}